{"id":1118,"date":"2020-12-09T10:57:52","date_gmt":"2020-12-09T09:57:52","guid":{"rendered":"https:\/\/www.sportausbildung.com\/blog\/?p=1118"},"modified":"2024-01-21T16:26:41","modified_gmt":"2024-01-21T15:26:41","slug":"yoga-gegen-winterdepression","status":"publish","type":"post","link":"https:\/\/www.flexyfitacademy.com\/blog\/yoga-gegen-winterdepression\/","title":{"rendered":"Yoga gegen Winterdepression"},"content":{"rendered":"<h2><strong>Graue, kalte Wintertage sind nichts f\u00fcr dich?<\/strong><\/h2>\n<p><img data-recalc-dims=\"1\" loading=\"lazy\" decoding=\"async\" class=\"alignnone wp-image-1120 size-full\" src=\"https:\/\/i0.wp.com\/www.sportausbildung.com\/blog\/wp-content\/uploads\/2020\/12\/Blog-Yoga-gegen-Winterdepression-1-750x450-1.jpg?resize=750%2C450&#038;ssl=1\" alt=\"Winterdepression\" width=\"750\" height=\"450\" srcset=\"https:\/\/i0.wp.com\/www.flexyfitacademy.com\/blog\/wp-content\/uploads\/2020\/12\/Blog-Yoga-gegen-Winterdepression-1-750x450-1.jpg?w=750&amp;ssl=1 750w, https:\/\/i0.wp.com\/www.flexyfitacademy.com\/blog\/wp-content\/uploads\/2020\/12\/Blog-Yoga-gegen-Winterdepression-1-750x450-1.jpg?resize=300%2C180&amp;ssl=1 300w\" sizes=\"auto, (max-width: 750px) 100vw, 750px\" \/><\/p>\n<h3><strong>Light up your life!<\/strong><\/h3>\n<p>Winterdepression?<\/p>\n<p>Zugegeben \u2013 ich liebe den Winter! Als begeisterte Schifahrerin kann ich die ersten Schneeflocken kaum erwarten und jedes Jahr tr\u00e4um ich von Neuem von wei\u00dfen Weihnachten, verschneiten Stra\u00dfen und Tiefschneeabfahrten.<\/p>\n<p>Aber die Realit\u00e4t ist \u00fcber lange Strecken oft anders. Grau. Und kalt. Auch als von Grund auf positiver Mensch dr\u00fcckt das dann doch gelegentlich die Stimmung und die sogenannte Winterdepression kann auftreten. Die Winterdepression ist eine saisonal abh\u00e4ngige depressive St\u00f6rung (SAD), die nicht jeden trifft oder treffen muss.<\/p>\n<p>Doch auch, wenn wir nicht an einer Winterdepression leiden, f\u00e4llt es den meisten von uns wohl schwer, in der dunklen Jahreszeit so motiviert und energiegeladen in den Alltag zu starten wie an einem sch\u00f6nen Sommertag.<\/p>\n<p>Die Gr\u00fcnde daf\u00fcr sind vielf\u00e4ltig.<\/p>\n<h3><strong>Was passiert in uns?<\/strong><\/h3>\n<p>Die verminderte Sonneneinstrahlung l\u00e4sst unseren K\u00f6rper weniger Serotonin produzieren. Das Gl\u00fcckshormon brauchen wir aber dringend, um gut gelaunt zu sein, eine gute Schlafqualit\u00e4t genie\u00dfen zu k\u00f6nnen und Antrieb zu versp\u00fcren.<\/p>\n<p>Wir ziehen in der gedr\u00fcckten Stimmungslage und gegegn die K\u00e4lte in dieser Zeit f\u00f6rmlich den Kopf ein, und k\u00e4mpfen dann obendrauf auch noch mit Verspannungen um Nacken- und Schulterbereich oder in der R\u00fcckenmuskulatur. Unergonomische Sitzpositionen im Home Office verschlimmern diese oft weiter.<\/p>\n<p>\u00dcber kurze Strecken kommen wir mit den Unleidigkeiten des Winters in der Regel recht gut zurecht, finden wir jedoch kein Werkzeug, um uns aus unseren tr\u00fcben Stimmungen rauszuhebeln, oder haben wir keinen Ausgleich, kann sich recht rasch eine wirkliche Winterdepression entwickeln.<\/p>\n<h3><strong>Was k\u00f6nnen wir dagegen tun?<\/strong><\/h3>\n<p>Methoden gegen die schlechte Laune und Antriebslosigkeit im Winter gibt es viele &#8211; zum Beispiel die Anschaffung einer Tageslichtlampe &#8211; doch die &#8222;erste Hilfe&#8220; muss nichts kosten.<\/p>\n<p>Bewegung an der frischen Luft, ein ausgedehnter Long Jog am Wochenende, eine intensive Trainingseinheit outdoor \u00a0\u2013 all das sind Dinge, die wir auch in dieser ganz besonderen Zeit im Jahr 2020 machen k\u00f6nnen. Und nat\u00fcrlich auch Yoga.<\/p>\n<p><img data-recalc-dims=\"1\" loading=\"lazy\" decoding=\"async\" class=\"alignnone wp-image-1121 size-full\" src=\"https:\/\/i0.wp.com\/www.sportausbildung.com\/blog\/wp-content\/uploads\/2020\/12\/Blog-Yoga-gegen-Winterdepression-Laufen750x450.jpg?resize=750%2C450&#038;ssl=1\" alt=\"Bewegung\" width=\"750\" height=\"450\" srcset=\"https:\/\/i0.wp.com\/www.flexyfitacademy.com\/blog\/wp-content\/uploads\/2020\/12\/Blog-Yoga-gegen-Winterdepression-Laufen750x450.jpg?w=750&amp;ssl=1 750w, https:\/\/i0.wp.com\/www.flexyfitacademy.com\/blog\/wp-content\/uploads\/2020\/12\/Blog-Yoga-gegen-Winterdepression-Laufen750x450.jpg?resize=300%2C180&amp;ssl=1 300w\" sizes=\"auto, (max-width: 750px) 100vw, 750px\" \/><\/p>\n<h3><strong>YOGA gegen deine WINTERDEPRESSION<\/strong><\/h3>\n<p>Vielleicht denkst du dir: \u201eNicht schon wieder Yoga\u2026 Yoga f\u00fcr dies, Yoga f\u00fcr das\u2026..\u201c.<\/p>\n<p>Aber aus eigener, jahrelanger Erfahrung als Personal Trainerin und Yogalehrerin kann ich dir die Methoden der jahrtausendealten Tradition des Yoga w\u00e4rmstens (und oft auch w\u00e4rmend) ans Herz legen.<\/p>\n<p>Simpel, ohne viel Equipment oder Trainingstools gelingt dir mit einfachen Yoga\u00fcbungen eine stabile k\u00f6rperliche und mentale Basis zu schaffen. Diese Basis bringt deine Energien ins Gleichgewicht und US-Forschern nach macht Yoga sogar gl\u00fccklich!<\/p>\n<p>Beim <a href=\"https:\/\/www.sportausbildung.com\/blog\/2019\/09\/krafttraining-ausdauertraining-und-yoga\/\">Yoga<\/a> wird ganz klar von Gymnastik und Sport unterschieden. Es wird dabei kein Trainingsplan abgearbeitet \u2013 das einzige Ziel, das du dir dabei steckst, ist \u201erunterzukommen\u201c und dich wieder sp\u00fcren. Deinen K\u00f6rper. Deinen Atem. Dich selbst wahrnehmen \u2013 einfach so, wie es jetzt gerade ist.<\/p>\n<p>Die nachfolgenden Asanas (K\u00f6rperstellungen) und die Pranayamas (Atem\u00fcbungen) sind in der Regel f\u00fcr jeden geeignet.<\/p>\n<figure id=\"attachment_1122\" aria-describedby=\"caption-attachment-1122\" style=\"width: 750px\" class=\"wp-caption alignnone\"><img data-recalc-dims=\"1\" loading=\"lazy\" decoding=\"async\" class=\"wp-image-1122 size-full\" src=\"https:\/\/i0.wp.com\/www.sportausbildung.com\/blog\/wp-content\/uploads\/2020\/12\/Blog-Yoga-gegen-Winterdepression-Vorwaertsbeuge750x450.jpg?resize=750%2C450&#038;ssl=1\" alt=\"Vorw\u00e4rtsbeuge\" width=\"750\" height=\"450\" srcset=\"https:\/\/i0.wp.com\/www.flexyfitacademy.com\/blog\/wp-content\/uploads\/2020\/12\/Blog-Yoga-gegen-Winterdepression-Vorwaertsbeuge750x450.jpg?w=750&amp;ssl=1 750w, https:\/\/i0.wp.com\/www.flexyfitacademy.com\/blog\/wp-content\/uploads\/2020\/12\/Blog-Yoga-gegen-Winterdepression-Vorwaertsbeuge750x450.jpg?resize=300%2C180&amp;ssl=1 300w\" sizes=\"auto, (max-width: 750px) 100vw, 750px\" \/><figcaption id=\"caption-attachment-1122\" class=\"wp-caption-text\">Vorw\u00e4rtsbeuge<\/figcaption><\/figure>\n<p>Die <strong>Wechselatmung<\/strong>\u00a0 kann zum Beispiel helfen, Erk\u00e4ltungen abzuwehren, andere Asanas &#8211; wie die sitzende oder stehende <strong>Vorw\u00e4rtsbeuge<\/strong>\u00a0 oder der <strong>Drehsitz<\/strong>\u00a0 &#8211; helfen, das Immunsystem und die k\u00f6rpereigenen Abwehrkr\u00e4fte zu st\u00e4rken und in jedem Fall durch den Slow Down w\u00e4hrend deiner Yogapraxis <strong>Stress zu verringern.<\/strong><\/p>\n<figure id=\"attachment_1123\" aria-describedby=\"caption-attachment-1123\" style=\"width: 750px\" class=\"wp-caption alignnone\"><img data-recalc-dims=\"1\" loading=\"lazy\" decoding=\"async\" class=\"wp-image-1123 size-full\" src=\"https:\/\/i0.wp.com\/www.sportausbildung.com\/blog\/wp-content\/uploads\/2020\/12\/Blog-Yoga-gegen-Winterdepression-Twist750x450.jpg?resize=750%2C450&#038;ssl=1\" alt=\"Drehsitz\" width=\"750\" height=\"450\" srcset=\"https:\/\/i0.wp.com\/www.flexyfitacademy.com\/blog\/wp-content\/uploads\/2020\/12\/Blog-Yoga-gegen-Winterdepression-Twist750x450.jpg?w=750&amp;ssl=1 750w, https:\/\/i0.wp.com\/www.flexyfitacademy.com\/blog\/wp-content\/uploads\/2020\/12\/Blog-Yoga-gegen-Winterdepression-Twist750x450.jpg?resize=300%2C180&amp;ssl=1 300w\" sizes=\"auto, (max-width: 750px) 100vw, 750px\" \/><figcaption id=\"caption-attachment-1123\" class=\"wp-caption-text\">Drehsitz<\/figcaption><\/figure>\n<p>Die Yoga\u00fcbungen sind eine einfache M\u00f6glichkeit, sich in der oft hektischen und dieses Jahr vielleicht auch belastenden (Vor)Weihnachtszeit eine mentale Auszeit von der Welt zu nehmen. Das tut K\u00f6rper und Seele gut, und kann dabei helfen, sich nicht zu sehr von der tr\u00fcben Winterstimmung vereinnahmen zu lassen.<\/p>\n<p>Roll also am besten t\u00e4glich deine Matte aus \u2013 10 Minuten als Routine reichen schon, um Kraft zu tanken und in der kalten, grauen Jahreszeit dein inneres Licht, das dich zum Strahlen bringt, einzuschalten.<\/p>\n<p>M\u00f6chtest du ein wenig tiefer in die Welt des Yoga eintauchen? Schau dir doch die Online Ausbildung zum Yoga-Trainer bei <a href=\"https:\/\/www.sportausbildung.com\/\">Flexyfit<\/a> an:\u00a0<a href=\"https:\/\/www.sportausbildung.com\/yogalehrer-ausbildung\">https:\/\/www.sportausbildung.com\/yogalehrer-ausbildung<\/a><\/p>\n<p>&nbsp;<\/p>\n<p>&nbsp;<\/p>\n<p>&nbsp;<\/p>\n","protected":false},"excerpt":{"rendered":"<p>Graue, kalte Wintertage sind nichts f\u00fcr dich? Light up your life! Winterdepression? Zugegeben \u2013 ich liebe den Winter! Als begeisterte Schifahrerin kann ich die ersten Schneeflocken kaum erwarten und jedes Jahr tr\u00e4um ich von Neuem von wei\u00dfen Weihnachten, verschneiten Stra\u00dfen und Tiefschneeabfahrten. Aber die Realit\u00e4t ist \u00fcber lange Strecken oft anders. Grau. Und kalt. Auch [&hellip;]<\/p>\n","protected":false},"author":12,"featured_media":1132,"comment_status":"closed","ping_status":"open","sticky":false,"template":"","format":"standard","meta":{"footnotes":""},"categories":[6,5],"tags":[],"class_list":["post-1118","post","type-post","status-publish","format-standard","has-post-thumbnail","hentry","category-lifestyle","category-sport-fitness"],"contentshake_article_id":"","_links":{"self":[{"href":"https:\/\/www.flexyfitacademy.com\/blog\/wp-json\/wp\/v2\/posts\/1118","targetHints":{"allow":["GET"]}}],"collection":[{"href":"https:\/\/www.flexyfitacademy.com\/blog\/wp-json\/wp\/v2\/posts"}],"about":[{"href":"https:\/\/www.flexyfitacademy.com\/blog\/wp-json\/wp\/v2\/types\/post"}],"author":[{"embeddable":true,"href":"https:\/\/www.flexyfitacademy.com\/blog\/wp-json\/wp\/v2\/users\/12"}],"replies":[{"embeddable":true,"href":"https:\/\/www.flexyfitacademy.com\/blog\/wp-json\/wp\/v2\/comments?post=1118"}],"version-history":[{"count":12,"href":"https:\/\/www.flexyfitacademy.com\/blog\/wp-json\/wp\/v2\/posts\/1118\/revisions"}],"predecessor-version":[{"id":1545,"href":"https:\/\/www.flexyfitacademy.com\/blog\/wp-json\/wp\/v2\/posts\/1118\/revisions\/1545"}],"wp:featuredmedia":[{"embeddable":true,"href":"https:\/\/www.flexyfitacademy.com\/blog\/wp-json\/wp\/v2\/media\/1132"}],"wp:attachment":[{"href":"https:\/\/www.flexyfitacademy.com\/blog\/wp-json\/wp\/v2\/media?parent=1118"}],"wp:term":[{"taxonomy":"category","embeddable":true,"href":"https:\/\/www.flexyfitacademy.com\/blog\/wp-json\/wp\/v2\/categories?post=1118"},{"taxonomy":"post_tag","embeddable":true,"href":"https:\/\/www.flexyfitacademy.com\/blog\/wp-json\/wp\/v2\/tags?post=1118"}],"curies":[{"name":"wp","href":"https:\/\/api.w.org\/{rel}","templated":true}]}}