{"id":2185,"date":"2026-01-22T17:25:46","date_gmt":"2026-01-22T16:25:46","guid":{"rendered":"https:\/\/www.flexyfitacademy.com\/blog\/?p=2185"},"modified":"2026-01-22T18:43:42","modified_gmt":"2026-01-22T17:43:42","slug":"19-jahre-flexyfit-academy","status":"publish","type":"post","link":"https:\/\/www.flexyfitacademy.com\/blog\/19-jahre-flexyfit-academy\/","title":{"rendered":"19 Jahre Flexyfit Academy \u2013 Bildung, die bewegt"},"content":{"rendered":"\n<p>Seit 19 Jahren ver\u00e4ndern wir Karrieren \u2013 und begleiten Menschen dabei, ihren Traumberuf zu leben.<\/p>\n\n\n\n<div class=\"wp-block-buttons is-content-justification-center is-layout-flex wp-container-core-buttons-is-layout-a89b3969 wp-block-buttons-is-layout-flex\">\n<div class=\"wp-block-button is-style-fill\"><a class=\"wp-block-button__link has-inverse-text-color has-text-color has-background has-link-color wp-element-button\" href=\"https:\/\/www.flexyfitacademy.com\/at\/lernvarianten\" style=\"background-color:#2b6777\" target=\"_blank\" rel=\"noreferrer noopener\"><strong> Jetzt Teil der Community werden<\/strong><\/a><\/div>\n<\/div>\n\n\n\n<figure class=\"wp-block-image aligncenter size-large\"><img data-recalc-dims=\"1\" loading=\"lazy\" decoding=\"async\" width=\"1024\" height=\"256\" src=\"https:\/\/i0.wp.com\/www.flexyfitacademy.com\/blog\/wp-content\/uploads\/2026\/01\/Schwarz-Weiss-Minimalistisch-Raster-Fotos-Familie-Unser-Jahr-Jahresrueckblick-Fotocollage-Neues-LinkedIn-Banner-2.png?resize=1024%2C256&#038;ssl=1\" alt=\"\" class=\"wp-image-2207\" srcset=\"https:\/\/i0.wp.com\/www.flexyfitacademy.com\/blog\/wp-content\/uploads\/2026\/01\/Schwarz-Weiss-Minimalistisch-Raster-Fotos-Familie-Unser-Jahr-Jahresrueckblick-Fotocollage-Neues-LinkedIn-Banner-2-scaled.png?resize=1024%2C256&amp;ssl=1 1024w, https:\/\/i0.wp.com\/www.flexyfitacademy.com\/blog\/wp-content\/uploads\/2026\/01\/Schwarz-Weiss-Minimalistisch-Raster-Fotos-Familie-Unser-Jahr-Jahresrueckblick-Fotocollage-Neues-LinkedIn-Banner-2-scaled.png?resize=300%2C75&amp;ssl=1 300w, https:\/\/i0.wp.com\/www.flexyfitacademy.com\/blog\/wp-content\/uploads\/2026\/01\/Schwarz-Weiss-Minimalistisch-Raster-Fotos-Familie-Unser-Jahr-Jahresrueckblick-Fotocollage-Neues-LinkedIn-Banner-2-scaled.png?resize=768%2C192&amp;ssl=1 768w, https:\/\/i0.wp.com\/www.flexyfitacademy.com\/blog\/wp-content\/uploads\/2026\/01\/Schwarz-Weiss-Minimalistisch-Raster-Fotos-Familie-Unser-Jahr-Jahresrueckblick-Fotocollage-Neues-LinkedIn-Banner-2-scaled.png?resize=1536%2C384&amp;ssl=1 1536w, https:\/\/i0.wp.com\/www.flexyfitacademy.com\/blog\/wp-content\/uploads\/2026\/01\/Schwarz-Weiss-Minimalistisch-Raster-Fotos-Familie-Unser-Jahr-Jahresrueckblick-Fotocollage-Neues-LinkedIn-Banner-2-scaled.png?resize=2048%2C512&amp;ssl=1 2048w\" sizes=\"auto, (max-width: 1024px) 100vw, 1024px\" \/><\/figure>\n\n\n\n<p>Wir feiern ein besonderes Jubil\u00e4um: Seit 19 Jahren steht die Flexyfit Academy f\u00fcr Bildung, die bewegt. Gemeinsam mit euch \u2013 unseren Teilnehmer:innen, Trainer:innen und Partnern \u2013 haben wir die Bildungslandschaft im Fitness- und Gesundheitsbereich nachhaltig gepr\u00e4gt und stetig weiterentwickelt.<\/p>\n\n\n\n<h2 class=\"wp-block-heading\"><strong>Unser Weg: Von Fitness-Pionieren zu vielseitigen Bildungsprofis<\/strong><\/h2>\n\n\n\n<p>Unsere Geschichte begann 2007 mit <strong>praxisorientierten Fitnesstrainer-Ausbildungen<\/strong> an zentralen Standorten wie Wien, Linz, Graz, Innsbruck und Salzburg. Unser Anspruch war von Anfang an: Hochwertige, zertifizierte Ausbildung, pers\u00f6nliche Betreuung und maximale Flexibilit\u00e4t f\u00fcr unsere Teilnehmer:innen. Heute sind wir stolz darauf, tausende Absolvent:innen auf ihrem Weg in die Sport- und Gesundheitsbranche begleitet zu haben.<\/p>\n\n\n\n<h2 class=\"wp-block-heading\">Unsere Fitnesstrainer-Ausbildung \u2013 das Herzst\u00fcck unseres Angebots<\/h2>\n\n\n\n<p>Die <strong><a href=\"https:\/\/www.flexyfitacademy.com\/sport\/fitnesstrainer-ausbildung\" target=\"_blank\" rel=\"noreferrer noopener\">Fitnesstrainer-Ausbildung<\/a> <\/strong>ist bis heute unser meistgew\u00e4hlter Kurs und das Fundament vieler Erfolgsgeschichten. Unsere Teilnehmer:innen sch\u00e4tzen besonders die praxisnahe Vermittlung, die direkte Anwendung des Gelernten und die intensive Betreuung durch erfahrene Trainer:innen. Viele berichten, dass sie sich nach dem Abschluss nicht nur bestens vorbereitet, sondern auch pers\u00f6nlich gest\u00e4rkt f\u00fchlen \u2013 bereit f\u00fcr den n\u00e4chsten Karriereschritt.<\/p>\n\n\n\n<p><strong>Positive Erfahrungen aus unserer Community:<\/strong><\/p>\n\n\n\n<div class=\"wp-block-media-text is-stacked-on-mobile\" style=\"grid-template-columns:15% auto\"><figure class=\"wp-block-media-text__media\"><img data-recalc-dims=\"1\" loading=\"lazy\" decoding=\"async\" width=\"1024\" height=\"1024\" src=\"https:\/\/i0.wp.com\/www.flexyfitacademy.com\/blog\/wp-content\/uploads\/2026\/01\/8B1A8094.jpg?resize=1024%2C1024&#038;ssl=1\" alt=\"\" class=\"wp-image-2231 size-full\" srcset=\"https:\/\/i0.wp.com\/www.flexyfitacademy.com\/blog\/wp-content\/uploads\/2026\/01\/8B1A8094-scaled.jpg?resize=1024%2C1024&amp;ssl=1 1024w, https:\/\/i0.wp.com\/www.flexyfitacademy.com\/blog\/wp-content\/uploads\/2026\/01\/8B1A8094-scaled.jpg?resize=300%2C300&amp;ssl=1 300w, https:\/\/i0.wp.com\/www.flexyfitacademy.com\/blog\/wp-content\/uploads\/2026\/01\/8B1A8094-scaled.jpg?resize=150%2C150&amp;ssl=1 150w, https:\/\/i0.wp.com\/www.flexyfitacademy.com\/blog\/wp-content\/uploads\/2026\/01\/8B1A8094-scaled.jpg?resize=768%2C768&amp;ssl=1 768w, https:\/\/i0.wp.com\/www.flexyfitacademy.com\/blog\/wp-content\/uploads\/2026\/01\/8B1A8094-scaled.jpg?resize=1536%2C1536&amp;ssl=1 1536w, https:\/\/i0.wp.com\/www.flexyfitacademy.com\/blog\/wp-content\/uploads\/2026\/01\/8B1A8094-scaled.jpg?resize=2048%2C2048&amp;ssl=1 2048w\" sizes=\"auto, (max-width: 1024px) 100vw, 1024px\" \/><\/figure><div class=\"wp-block-media-text__content\">\n<p class=\"has-text-color has-link-color wp-elements-4d7565bc46c2f3d962872a144626b100\" style=\"color:#2b6777\">\ud83d\udcac &#8222;Die Ausbildung war praxisnah und abwechslungsreich, ich konnte das Gelernte sofort im Studio anwenden.&#8220; (Julia, Absolventin 2025)<\/p>\n<\/div><\/div>\n\n\n\n<div class=\"wp-block-media-text is-stacked-on-mobile\" style=\"grid-template-columns:15% auto\"><figure class=\"wp-block-media-text__media\"><img data-recalc-dims=\"1\" loading=\"lazy\" decoding=\"async\" width=\"1024\" height=\"1024\" src=\"https:\/\/i0.wp.com\/www.flexyfitacademy.com\/blog\/wp-content\/uploads\/2026\/01\/8B1A7591.jpg?resize=1024%2C1024&#038;ssl=1\" alt=\"\" class=\"wp-image-2234 size-full\" srcset=\"https:\/\/i0.wp.com\/www.flexyfitacademy.com\/blog\/wp-content\/uploads\/2026\/01\/8B1A7591-scaled.jpg?resize=1024%2C1024&amp;ssl=1 1024w, https:\/\/i0.wp.com\/www.flexyfitacademy.com\/blog\/wp-content\/uploads\/2026\/01\/8B1A7591-scaled.jpg?resize=300%2C300&amp;ssl=1 300w, https:\/\/i0.wp.com\/www.flexyfitacademy.com\/blog\/wp-content\/uploads\/2026\/01\/8B1A7591-scaled.jpg?resize=150%2C150&amp;ssl=1 150w, https:\/\/i0.wp.com\/www.flexyfitacademy.com\/blog\/wp-content\/uploads\/2026\/01\/8B1A7591-scaled.jpg?resize=768%2C768&amp;ssl=1 768w, https:\/\/i0.wp.com\/www.flexyfitacademy.com\/blog\/wp-content\/uploads\/2026\/01\/8B1A7591-scaled.jpg?resize=1536%2C1536&amp;ssl=1 1536w, https:\/\/i0.wp.com\/www.flexyfitacademy.com\/blog\/wp-content\/uploads\/2026\/01\/8B1A7591-scaled.jpg?resize=2048%2C2048&amp;ssl=1 2048w\" sizes=\"auto, (max-width: 1024px) 100vw, 1024px\" \/><\/figure><div class=\"wp-block-media-text__content\">\n<p class=\"has-text-color has-link-color wp-elements-8f554ec52a7ff95f492c51cd0ef89bca\" style=\"color:#2b6777\">\ud83d\udcac &#8222;Besonders die individuelle Betreuung und die Flexibilit\u00e4t haben mir geholfen, Beruf und Weiterbildung zu verbinden.&#8220; (Marco, Absolvent 2024)<\/p>\n<\/div><\/div>\n\n\n\n<div class=\"wp-block-media-text is-stacked-on-mobile\" style=\"grid-template-columns:15% auto\"><figure class=\"wp-block-media-text__media\"><img data-recalc-dims=\"1\" loading=\"lazy\" decoding=\"async\" width=\"1024\" height=\"1024\" src=\"https:\/\/i0.wp.com\/www.flexyfitacademy.com\/blog\/wp-content\/uploads\/2026\/01\/8B1A7808.jpg?resize=1024%2C1024&#038;ssl=1\" alt=\"\" class=\"wp-image-2235 size-full\" srcset=\"https:\/\/i0.wp.com\/www.flexyfitacademy.com\/blog\/wp-content\/uploads\/2026\/01\/8B1A7808-scaled.jpg?resize=1024%2C1024&amp;ssl=1 1024w, https:\/\/i0.wp.com\/www.flexyfitacademy.com\/blog\/wp-content\/uploads\/2026\/01\/8B1A7808-scaled.jpg?resize=300%2C300&amp;ssl=1 300w, https:\/\/i0.wp.com\/www.flexyfitacademy.com\/blog\/wp-content\/uploads\/2026\/01\/8B1A7808-scaled.jpg?resize=150%2C150&amp;ssl=1 150w, https:\/\/i0.wp.com\/www.flexyfitacademy.com\/blog\/wp-content\/uploads\/2026\/01\/8B1A7808-scaled.jpg?resize=768%2C768&amp;ssl=1 768w, https:\/\/i0.wp.com\/www.flexyfitacademy.com\/blog\/wp-content\/uploads\/2026\/01\/8B1A7808-scaled.jpg?resize=1536%2C1536&amp;ssl=1 1536w, https:\/\/i0.wp.com\/www.flexyfitacademy.com\/blog\/wp-content\/uploads\/2026\/01\/8B1A7808-scaled.jpg?resize=2048%2C2048&amp;ssl=1 2048w\" sizes=\"auto, (max-width: 1024px) 100vw, 1024px\" \/><\/figure><div class=\"wp-block-media-text__content\">\n<p class=\"has-text-color has-link-color wp-elements-51e91b59fb67aea7e4ba4b0fd90a3644\" style=\"color:#2b6777\">\ud83d\udcac &#8222;Ich habe nicht nur fachlich, sondern auch pers\u00f6nlich enorm profitiert \u2013 und tolle Kontakte gekn\u00fcpft.&#8220; (Sabine, Absolventin 2023)<\/p>\n<\/div><\/div>\n\n\n\n<h2 class=\"wp-block-heading\">Wir wachsen mit euch \u2013 neue Bereiche, neue Chancen<\/h2>\n\n\n\n<p>Wir entwickeln unser Angebot st\u00e4ndig weiter, damit ihr immer am Puls der Zeit bleibt. Denn die Arbeitswelt ver\u00e4ndert sich, und mit ihr steigen auch die Anforderungen an moderne Aus- und Weiterbildungen. Deshalb haben wir in den letzten Jahren gezielt neue Bereiche aufgebaut, die euch zus\u00e4tzliche Karrierewege er\u00f6ffnen:<\/p>\n\n\n\n<div class=\"wp-block-media-text is-stacked-on-mobile\" style=\"grid-template-columns:15% auto\"><figure class=\"wp-block-media-text__media\"><video controls src=\"https:\/\/www.flexyfitacademy.com\/blog\/wp-content\/uploads\/2026\/01\/deutsch_Tablet_massage-Website-header.mp4\"><\/video><\/figure><div class=\"wp-block-media-text__content\">\n<p><strong>Seit 2023:<\/strong>&nbsp;Unsere praxisorientierten <strong><a href=\"https:\/\/www.flexyfitacademy.com\/massage\">Massage-Ausbildungen<\/a> <\/strong>richten sich an alle, die eine fundierte Qualifikation im Gesundheits- und Wellnessbereich anstreben \u2013 ganz gleich, ob als Quereinsteiger:in, Berufsumsteiger:in oder als Erg\u00e4nzung zu einer bestehenden T\u00e4tigkeit. Neben klassischer Massage vermitteln wir moderne Techniken und legen gro\u00dfen Wert auf Anatomie, Hygiene und Kundenkommunikation. Durch die enge Verzahnung von Theorie und Praxis k\u00f6nnt ihr das Erlernte sofort anwenden \u2013 sei es im eigenen Studio, in Wellnesshotels, Therapiezentren oder als selbstst\u00e4ndige:r Masseur:in. Viele unserer Absolvent:innen berichten, wie bereichernd der direkte Kontakt mit Menschen und die positive Wirkung der Massage auf K\u00f6rper und Geist sind.<\/p>\n<\/div><\/div>\n\n\n\n<div class=\"wp-block-buttons is-content-justification-left is-layout-flex wp-container-core-buttons-is-layout-fc4fd283 wp-block-buttons-is-layout-flex\">\n<div class=\"wp-block-button\"><a class=\"wp-block-button__link has-inverse-text-color has-text-color has-background has-link-color wp-element-button\" style=\"background-color:#2b6777\"><strong>Mehr erfahren<\/strong><\/a><\/div>\n<\/div>\n\n\n\n<hr class=\"wp-block-separator has-alpha-channel-opacity is-style-wide\"\/>\n\n\n\n<div class=\"wp-block-media-text is-stacked-on-mobile\" style=\"grid-template-columns:15% auto\"><figure class=\"wp-block-media-text__media\"><video controls src=\"https:\/\/www.flexyfitacademy.com\/blog\/wp-content\/uploads\/2026\/01\/tablet-version_deutsch-edv-website-header_v1-360p-2.mp4\"><\/video><\/figure><div class=\"wp-block-media-text__content\">\n<p><strong>2025:<\/strong> Mit unseren <a href=\"https:\/\/www.flexyfitacademy.com\/edv\"><strong>IT-Ausbildungen<\/strong><\/a> reagieren wir auf den steigenden Bedarf an digitalen Kompetenzen in nahezu allen Branchen. Ob ihr euch f\u00fcr Webentwicklung, IT-Support, Datenanalyse oder digitale Gesch\u00e4ftsprozesse interessiert \u2013 unsere Programme sind so aufgebaut, dass sowohl Einsteiger:innen als auch Fortgeschrittene von praxisnahen Inhalten profitieren. Wir setzen auf verst\u00e4ndliche Vermittlung, intensive Betreuung und zahlreiche \u00dcbungsprojekte, damit ihr das Gelernte direkt umsetzen k\u00f6nnt. Die Flexibilit\u00e4t unserer Kurse erm\u00f6glicht es euch, neben dem Beruf oder anderen Verpflichtungen digitale F\u00e4higkeiten zu erwerben. Viele unserer Teilnehmer:innen nutzen die IT-Ausbildung, um sich neue Karrierewege zu erschlie\u00dfen oder die eigene Selbstst\u00e4ndigkeit voranzutreiben.<\/p>\n<\/div><\/div>\n\n\n\n<div class=\"wp-block-buttons is-layout-flex wp-block-buttons-is-layout-flex\">\n<div class=\"wp-block-button\"><a class=\"wp-block-button__link has-inverse-text-color has-text-color has-background has-link-color wp-element-button\" style=\"background-color:#2b6777\"><strong>Mehr erfahren<\/strong><\/a><\/div>\n<\/div>\n\n\n\n<hr class=\"wp-block-separator has-alpha-channel-opacity is-style-wide\"\/>\n\n\n\n<div class=\"wp-block-media-text is-stacked-on-mobile\" style=\"grid-template-columns:15% auto\"><figure class=\"wp-block-media-text__media\"><video controls src=\"https:\/\/www.flexyfitacademy.com\/blog\/wp-content\/uploads\/2026\/01\/Main-1-2.mp4\"><\/video><\/figure><div class=\"wp-block-media-text__content\">\n<p><strong>2026: <\/strong>Unsere neuen<strong> <a href=\"https:\/\/www.flexyfitacademy.com\/beauty\">Beauty-Ausbildungen<\/a><\/strong><a href=\"https:\/\/www.flexyfitacademy.com\/beauty\"> <\/a>bieten euch die M\u00f6glichkeit, euer kreatives Potenzial voll auszusch\u00f6pfen und professionelle Skills in Visagistik, Make-up und Lash-Styling zu erwerben. Wir legen gro\u00dfen Wert auf aktuelle Trends, hochwertige Produkte und praxisnahe Schulungen \u2013 von den Grundlagen bis zu fortgeschrittenen Techniken. In kleinen Gruppen und mit pers\u00f6nlicher Betreuung lernt ihr, individuelle Looks zu kreieren und Kund:innen optimal zu beraten. Die Beauty-Branche bietet vielf\u00e4ltige Perspektiven \u2013 sei es im eigenen Studio, als Freelancer:in, bei Events oder in der Medienwelt. Unsere Absolvent:innen sch\u00e4tzen besonders die kreative Atmosph\u00e4re und die Chance, ihre Leidenschaft zum Beruf zu machen.<\/p>\n<\/div><\/div>\n\n\n\n<div class=\"wp-block-buttons is-layout-flex wp-block-buttons-is-layout-flex\">\n<div class=\"wp-block-button is-style-fill\"><a class=\"wp-block-button__link has-inverse-text-color has-text-color has-background has-link-color wp-element-button\" style=\"background-color:#2b6777\"><strong>Mehr erfahren<\/strong><\/a><\/div>\n<\/div>\n\n\n\n<hr class=\"wp-block-separator has-alpha-channel-opacity is-style-wide\"\/>\n\n\n\n<p>Damit bieten wir euch die M\u00f6glichkeit, verschiedene Interessen und Talente zu verbinden \u2013 und euch gezielt f\u00fcr neue Berufsfelder zu qualifizieren. Viele unserer Teilnehmer:innen berichten, dass sie durch diese Vielfalt genau die Ausbildung gefunden haben, die zu ihnen passt.<\/p>\n\n\n\n<p>Egal, ob ihr Fitness, Massage, IT oder Beauty w\u00e4hlt: Ihr profitiert immer von pers\u00f6nlicher Betreuung, flexiblen Lernkonzepten und einem starken Netzwerk. Gemeinsam gestalten wir eure Zukunft \u2013 Schritt f\u00fcr Schritt!<\/p>\n\n\n\n<div class=\"wp-block-buttons is-content-justification-center is-layout-flex wp-container-core-buttons-is-layout-a89b3969 wp-block-buttons-is-layout-flex\">\n<div class=\"wp-block-button\"><a class=\"wp-block-button__link has-inverse-text-color has-text-color has-background has-link-color wp-element-button\" style=\"background-color:#414141\"><strong>Kostenlosen Beratungstermin sichern<\/strong><\/a><\/div>\n<\/div>\n\n\n\n<hr class=\"wp-block-separator has-alpha-channel-opacity is-style-wide\"\/>\n\n\n\n<h2 class=\"wp-block-heading\">Was uns besonders macht<\/h2>\n\n\n\n<p>\u2b50<strong>Hohe Kundenzufriedenheit:<\/strong> \u00dcber 4,98 von 5 Sternen sprechen f\u00fcr sich.<\/p>\n\n\n\n<p>\ud83e\udd1d<strong>Top-bewertete Ausbildungen:<\/strong> Wir legen Wert auf Qualit\u00e4t, Praxisn\u00e4he und pers\u00f6nliche Betreuung.<\/p>\n\n\n\n<p>\ud83c\udf93<strong>Zertifizierte Abschl\u00fcsse:<\/strong> Staatlich anerkannt, T\u00dcV-zertifiziert und europaweit gesch\u00e4tzt.<\/p>\n\n\n\n<p>\ud83e\udde0<strong>Flexible Lernmodelle:<\/strong> Pr\u00e4senz, Fernstudium oder Hybrid \u2013 wir passen uns deinem Leben an.<\/p>\n\n\n\n<p>\ud83d\udccd<strong>Ausbildungen in ganz \u00d6sterreich: <\/strong>Wien, Linz, Graz, Innsbruck, Salzburg \u2013 und digital \u00fcberall.<\/p>\n\n\n\n<hr class=\"wp-block-separator has-alpha-channel-opacity is-style-wide\"\/>\n\n\n\n<h2 class=\"wp-block-heading\">Gemeinsam stark \u2013 unsere Community<\/h2>\n\n\n\n<p>Unsere gr\u00f6\u00dfte St\u00e4rke seid ihr: Die Flexyfit Community. Wir erleben t\u00e4glich, wie aus Teilnehmer:innen Kolleg:innen, Freund:innen und inspirierende Vorbilder werden. Eure Erfolgsgeschichten motivieren uns, unser Angebot laufend zu verbessern und neue Wege zu gehen.<\/p>\n\n\n\n<h2 class=\"wp-block-heading\">Unser Versprechen f\u00fcr die Zukunft<\/h2>\n\n\n\n<p>Wir bleiben innovativ, pers\u00f6nlich und nahbar. Gemeinsam mit euch wollen wir auch in den kommenden Jahren Menschen dabei unterst\u00fctzen, ihre Ziele zu erreichen \u2013 ob im Fitnessbereich, in der Beauty-Branche, im Massage- oder IT-Sektor.<\/p>\n\n\n\n<p><strong>Jetzt informieren &amp; Teil der Flexyfit-Erfolgsgeschichte werden<\/strong><\/p>\n\n\n\n<p>Alle Infos zu unseren aktuellen Kursen, Einstiegsm\u00f6glichkeiten und Beratungsangeboten findet ihr auf unserer Website: <a href=\"https:\/\/www.flexyfitacademy.com\">www.flexyfitacademy.com<\/a><\/p>\n\n\n\n<p>Die n\u00e4chsten Jahre geh\u00f6ren euch. Und wir freuen uns, euch dabei begleiten zu d\u00fcrfen.<\/p>\n","protected":false},"excerpt":{"rendered":"<p>Seit 19 Jahren ver\u00e4ndern wir Karrieren \u2013 und begleiten Menschen dabei, ihren Traumberuf zu leben. Wir feiern ein besonderes Jubil\u00e4um: Seit 19 Jahren steht die Flexyfit Academy f\u00fcr Bildung, die bewegt. Gemeinsam mit euch \u2013 unseren Teilnehmer:innen, Trainer:innen und Partnern \u2013 haben wir die Bildungslandschaft im Fitness- und Gesundheitsbereich nachhaltig gepr\u00e4gt und stetig weiterentwickelt. Unser [&hellip;]<\/p>\n","protected":false},"author":1,"featured_media":2204,"comment_status":"open","ping_status":"open","sticky":false,"template":"test-template","format":"standard","meta":{"footnotes":""},"categories":[6],"tags":[167,168,158,166],"class_list":["post-2185","post","type-post","status-publish","format-standard","has-post-thumbnail","hentry","category-lifestyle","tag-beauty-ausbildung","tag-edv-ausbildung","tag-fitnesstrainer","tag-flexyfit"],"contentshake_article_id":"","_links":{"self":[{"href":"https:\/\/www.flexyfitacademy.com\/blog\/wp-json\/wp\/v2\/posts\/2185","targetHints":{"allow":["GET"]}}],"collection":[{"href":"https:\/\/www.flexyfitacademy.com\/blog\/wp-json\/wp\/v2\/posts"}],"about":[{"href":"https:\/\/www.flexyfitacademy.com\/blog\/wp-json\/wp\/v2\/types\/post"}],"author":[{"embeddable":true,"href":"https:\/\/www.flexyfitacademy.com\/blog\/wp-json\/wp\/v2\/users\/1"}],"replies":[{"embeddable":true,"href":"https:\/\/www.flexyfitacademy.com\/blog\/wp-json\/wp\/v2\/comments?post=2185"}],"version-history":[{"count":22,"href":"https:\/\/www.flexyfitacademy.com\/blog\/wp-json\/wp\/v2\/posts\/2185\/revisions"}],"predecessor-version":[{"id":2240,"href":"https:\/\/www.flexyfitacademy.com\/blog\/wp-json\/wp\/v2\/posts\/2185\/revisions\/2240"}],"wp:featuredmedia":[{"embeddable":true,"href":"https:\/\/www.flexyfitacademy.com\/blog\/wp-json\/wp\/v2\/media\/2204"}],"wp:attachment":[{"href":"https:\/\/www.flexyfitacademy.com\/blog\/wp-json\/wp\/v2\/media?parent=2185"}],"wp:term":[{"taxonomy":"category","embeddable":true,"href":"https:\/\/www.flexyfitacademy.com\/blog\/wp-json\/wp\/v2\/categories?post=2185"},{"taxonomy":"post_tag","embeddable":true,"href":"https:\/\/www.flexyfitacademy.com\/blog\/wp-json\/wp\/v2\/tags?post=2185"}],"curies":[{"name":"wp","href":"https:\/\/api.w.org\/{rel}","templated":true}]}}